{"id":2235,"date":"2021-12-20T12:43:22","date_gmt":"2021-12-20T12:43:22","guid":{"rendered":"https:\/\/www.tabula.pt\/site\/?p=2235"},"modified":"2021-12-20T12:58:03","modified_gmt":"2021-12-20T12:58:03","slug":"tabula-na-ultima-edicao-do-jornal-de-noticias","status":"publish","type":"post","link":"https:\/\/www.tabula.pt\/site\/tabula-na-ultima-edicao-do-jornal-de-noticias\/","title":{"rendered":"T\u00e1bula na \u00faltima Edi\u00e7\u00e3o do Jornal de Not\u00edcias"},"content":{"rendered":"\t\t<div data-elementor-type=\"wp-post\" data-elementor-id=\"2235\" class=\"elementor elementor-2235\" data-elementor-post-type=\"post\">\n\t\t\t\t\t\t<section class=\"elementor-section elementor-top-section elementor-element elementor-element-3bc212e elementor-section-boxed elementor-section-height-default elementor-section-height-default\" data-id=\"3bc212e\" data-element_type=\"section\" data-e-type=\"section\">\n\t\t\t\t\t\t<div class=\"elementor-container elementor-column-gap-default\">\n\t\t\t\t\t<div class=\"elementor-column elementor-col-100 elementor-top-column elementor-element elementor-element-476ffe6\" data-id=\"476ffe6\" data-element_type=\"column\" data-e-type=\"column\">\n\t\t\t<div class=\"elementor-widget-wrap elementor-element-populated\">\n\t\t\t\t\t\t<div class=\"elementor-element elementor-element-fb02af0 elementor-widget elementor-widget-text-editor\" data-id=\"fb02af0\" data-element_type=\"widget\" data-e-type=\"widget\" data-widget_type=\"text-editor.default\">\n\t\t\t\t<div class=\"elementor-widget-container\">\n\t\t\t\t\t\t\t\t\t<p>&#8220;Uma paix\u00e3o de fam\u00edlia que resultou numa oferta de excel\u00eancia&#8221;.<\/p>\n<p>Na ultima edi\u00e7\u00e3o da revista &#8220;Valor Econ\u00f3mico&#8221; do Jornal de Not\u00edcias, a T\u00e1bula marca presen\u00e7a juntamente com outras prestigiadas empresas do setor da Constru\u00e7\u00e3o.<\/p>\n<p>Podem ler o artigo completo, na p\u00e1gina 11 &#8211;&nbsp;<a href=\"https:\/\/www.quiosquegm.pt\/edicoesespeciais\/ePaperViewer\/JORNAL+NOTICIAS\/Valor_Economico_48\/index.html\">AQUI<\/a><\/p>\n<p><\/p>\n<p>Agradecemos a todos por fazerem parte do nosso sucesso!<\/p>\t\t\t\t\t\t\t\t<\/div>\n\t\t\t\t<\/div>\n\t\t\t\t\t<\/div>\n\t\t<\/div>\n\t\t\t\t\t<\/div>\n\t\t<\/section>\n\t\t\t\t<section class=\"elementor-section elementor-top-section elementor-element elementor-element-bced060 elementor-section-boxed elementor-section-height-default elementor-section-height-default\" data-id=\"bced060\" data-element_type=\"section\" data-e-type=\"section\">\n\t\t\t\t\t\t<div class=\"elementor-container elementor-column-gap-default\">\n\t\t\t\t\t<div class=\"elementor-column elementor-col-100 elementor-top-column elementor-element elementor-element-cb3feb1\" data-id=\"cb3feb1\" data-element_type=\"column\" data-e-type=\"column\">\n\t\t\t<div class=\"elementor-widget-wrap elementor-element-populated\">\n\t\t\t\t\t\t<div class=\"elementor-element elementor-element-955673c elementor-widget elementor-widget-image\" data-id=\"955673c\" data-element_type=\"widget\" data-e-type=\"widget\" data-widget_type=\"image.default\">\n\t\t\t\t<div class=\"elementor-widget-container\">\n\t\t\t\t\t\t\t\t\t\t\t\t\t\t\t<img fetchpriority=\"high\" decoding=\"async\" width=\"250\" height=\"300\" src=\"https:\/\/www.tabula.pt\/site\/wp-content\/uploads\/2021\/12\/JN-250x300.png\" class=\"attachment-medium size-medium wp-image-2237\" alt=\"\" srcset=\"https:\/\/www.tabula.pt\/site\/wp-content\/uploads\/2021\/12\/JN-250x300.png 250w, https:\/\/www.tabula.pt\/site\/wp-content\/uploads\/2021\/12\/JN-600x721.png 600w, https:\/\/www.tabula.pt\/site\/wp-content\/uploads\/2021\/12\/JN.png 622w\" sizes=\"(max-width: 250px) 100vw, 250px\" \/>\t\t\t\t\t\t\t\t\t\t\t\t\t\t\t<\/div>\n\t\t\t\t<\/div>\n\t\t\t\t\t<\/div>\n\t\t<\/div>\n\t\t\t\t\t<\/div>\n\t\t<\/section>\n\t\t\t\t<\/div>\n\t\t","protected":false},"excerpt":{"rendered":"<p>&#8220;Uma paix\u00e3o de fam\u00edlia que resultou numa oferta de excel\u00eancia&#8221;. Na ultima edi\u00e7\u00e3o da revista &#8220;Valor Econ\u00f3mico&#8221; do Jornal de Not\u00edcias, a T\u00e1bula marca presen\u00e7a juntamente com outras prestigiadas empresas do setor da Constru\u00e7\u00e3o. Podem ler o artigo completo, na p\u00e1gina 11 &#8211;&nbsp;AQUI Agradecemos a todos por fazerem parte do nosso sucesso!<\/p>\n","protected":false},"author":1,"featured_media":2237,"comment_status":"open","ping_status":"open","sticky":false,"template":"","format":"standard","meta":{"_monsterinsights_skip_tracking":false,"_monsterinsights_sitenote_active":false,"_monsterinsights_sitenote_note":"","_monsterinsights_sitenote_category":0,"footnotes":""},"categories":[49],"tags":[],"class_list":["post-2235","post","type-post","status-publish","format-standard","has-post-thumbnail","hentry","category-eventos"],"yoast_head":"<!-- This site is optimized with the Yoast SEO plugin v27.1.1 - https:\/\/yoast.com\/product\/yoast-seo-wordpress\/ -->\n<title>T\u00e1bula na \u00faltima Edi\u00e7\u00e3o do Jornal de Not\u00edcias - T\u00e1bula furniture<\/title>\n<meta name=\"robots\" content=\"index, follow, max-snippet:-1, max-image-preview:large, max-video-preview:-1\" \/>\n<link rel=\"canonical\" href=\"https:\/\/www.tabula.pt\/site\/tabula-na-ultima-edicao-do-jornal-de-noticias\/\" \/>\n<meta property=\"og:locale\" content=\"pt_PT\" \/>\n<meta property=\"og:type\" content=\"article\" \/>\n<meta property=\"og:title\" content=\"T\u00e1bula na \u00faltima Edi\u00e7\u00e3o do Jornal de Not\u00edcias - T\u00e1bula furniture\" \/>\n<meta property=\"og:description\" content=\"&#8220;Uma paix\u00e3o de fam\u00edlia que resultou numa oferta de excel\u00eancia&#8221;. Na ultima edi\u00e7\u00e3o da revista &#8220;Valor Econ\u00f3mico&#8221; do Jornal de Not\u00edcias, a T\u00e1bula marca presen\u00e7a juntamente com outras prestigiadas empresas do setor da Constru\u00e7\u00e3o. Podem ler o artigo completo, na p\u00e1gina 11 &#8211;&nbsp;AQUI Agradecemos a todos por fazerem parte do nosso sucesso!\" \/>\n<meta property=\"og:url\" content=\"https:\/\/www.tabula.pt\/site\/tabula-na-ultima-edicao-do-jornal-de-noticias\/\" \/>\n<meta property=\"og:site_name\" content=\"T\u00e1bula furniture\" \/>\n<meta property=\"article:publisher\" content=\"https:\/\/www.facebook.com\/tabula.pt\/\" \/>\n<meta property=\"article:published_time\" content=\"2021-12-20T12:43:22+00:00\" \/>\n<meta property=\"article:modified_time\" content=\"2021-12-20T12:58:03+00:00\" \/>\n<meta property=\"og:image\" content=\"https:\/\/www.tabula.pt\/site\/wp-content\/uploads\/2021\/12\/JN.png\" \/>\n\t<meta property=\"og:image:width\" content=\"622\" \/>\n\t<meta property=\"og:image:height\" content=\"747\" \/>\n\t<meta property=\"og:image:type\" content=\"image\/png\" \/>\n<meta name=\"author\" content=\"T\u00e1bula\" \/>\n<meta name=\"twitter:card\" content=\"summary_large_image\" \/>\n<meta name=\"twitter:label1\" content=\"Escrito por\" \/>\n\t<meta name=\"twitter:data1\" content=\"T\u00e1bula\" \/>\n<script type=\"application\/ld+json\" class=\"yoast-schema-graph\">{\"@context\":\"https:\/\/schema.org\",\"@graph\":[{\"@type\":\"Article\",\"@id\":\"https:\/\/www.tabula.pt\/site\/tabula-na-ultima-edicao-do-jornal-de-noticias\/#article\",\"isPartOf\":{\"@id\":\"https:\/\/www.tabula.pt\/site\/tabula-na-ultima-edicao-do-jornal-de-noticias\/\"},\"author\":{\"name\":\"T\u00e1bula\",\"@id\":\"https:\/\/www.tabula.pt\/site\/#\/schema\/person\/b9874bd19061ec4006077599236bf27e\"},\"headline\":\"T\u00e1bula na \u00faltima Edi\u00e7\u00e3o do Jornal de Not\u00edcias\",\"datePublished\":\"2021-12-20T12:43:22+00:00\",\"dateModified\":\"2021-12-20T12:58:03+00:00\",\"mainEntityOfPage\":{\"@id\":\"https:\/\/www.tabula.pt\/site\/tabula-na-ultima-edicao-do-jornal-de-noticias\/\"},\"wordCount\":74,\"commentCount\":0,\"publisher\":{\"@id\":\"https:\/\/www.tabula.pt\/site\/#organization\"},\"image\":{\"@id\":\"https:\/\/www.tabula.pt\/site\/tabula-na-ultima-edicao-do-jornal-de-noticias\/#primaryimage\"},\"thumbnailUrl\":\"https:\/\/www.tabula.pt\/site\/wp-content\/uploads\/2021\/12\/JN.png\",\"articleSection\":[\"Eventos\"],\"inLanguage\":\"pt-PT\",\"potentialAction\":[{\"@type\":\"CommentAction\",\"name\":\"Comment\",\"target\":[\"https:\/\/www.tabula.pt\/site\/tabula-na-ultima-edicao-do-jornal-de-noticias\/#respond\"]}]},{\"@type\":\"WebPage\",\"@id\":\"https:\/\/www.tabula.pt\/site\/tabula-na-ultima-edicao-do-jornal-de-noticias\/\",\"url\":\"https:\/\/www.tabula.pt\/site\/tabula-na-ultima-edicao-do-jornal-de-noticias\/\",\"name\":\"T\u00e1bula na \u00faltima Edi\u00e7\u00e3o do Jornal de Not\u00edcias - T\u00e1bula furniture\",\"isPartOf\":{\"@id\":\"https:\/\/www.tabula.pt\/site\/#website\"},\"primaryImageOfPage\":{\"@id\":\"https:\/\/www.tabula.pt\/site\/tabula-na-ultima-edicao-do-jornal-de-noticias\/#primaryimage\"},\"image\":{\"@id\":\"https:\/\/www.tabula.pt\/site\/tabula-na-ultima-edicao-do-jornal-de-noticias\/#primaryimage\"},\"thumbnailUrl\":\"https:\/\/www.tabula.pt\/site\/wp-content\/uploads\/2021\/12\/JN.png\",\"datePublished\":\"2021-12-20T12:43:22+00:00\",\"dateModified\":\"2021-12-20T12:58:03+00:00\",\"breadcrumb\":{\"@id\":\"https:\/\/www.tabula.pt\/site\/tabula-na-ultima-edicao-do-jornal-de-noticias\/#breadcrumb\"},\"inLanguage\":\"pt-PT\",\"potentialAction\":[{\"@type\":\"ReadAction\",\"target\":[\"https:\/\/www.tabula.pt\/site\/tabula-na-ultima-edicao-do-jornal-de-noticias\/\"]}]},{\"@type\":\"ImageObject\",\"inLanguage\":\"pt-PT\",\"@id\":\"https:\/\/www.tabula.pt\/site\/tabula-na-ultima-edicao-do-jornal-de-noticias\/#primaryimage\",\"url\":\"https:\/\/www.tabula.pt\/site\/wp-content\/uploads\/2021\/12\/JN.png\",\"contentUrl\":\"https:\/\/www.tabula.pt\/site\/wp-content\/uploads\/2021\/12\/JN.png\",\"width\":622,\"height\":747},{\"@type\":\"BreadcrumbList\",\"@id\":\"https:\/\/www.tabula.pt\/site\/tabula-na-ultima-edicao-do-jornal-de-noticias\/#breadcrumb\",\"itemListElement\":[{\"@type\":\"ListItem\",\"position\":1,\"name\":\"In\u00edcio\",\"item\":\"https:\/\/www.tabula.pt\/site\/\"},{\"@type\":\"ListItem\",\"position\":2,\"name\":\"T\u00e1bula na \u00faltima Edi\u00e7\u00e3o do Jornal de Not\u00edcias\"}]},{\"@type\":\"WebSite\",\"@id\":\"https:\/\/www.tabula.pt\/site\/#website\",\"url\":\"https:\/\/www.tabula.pt\/site\/\",\"name\":\"T\u00e1bula furniture\",\"description\":\"Mobili\u00e1rio e projetos \u00e0 medida\",\"publisher\":{\"@id\":\"https:\/\/www.tabula.pt\/site\/#organization\"},\"potentialAction\":[{\"@type\":\"SearchAction\",\"target\":{\"@type\":\"EntryPoint\",\"urlTemplate\":\"https:\/\/www.tabula.pt\/site\/?s={search_term_string}\"},\"query-input\":{\"@type\":\"PropertyValueSpecification\",\"valueRequired\":true,\"valueName\":\"search_term_string\"}}],\"inLanguage\":\"pt-PT\"},{\"@type\":\"Organization\",\"@id\":\"https:\/\/www.tabula.pt\/site\/#organization\",\"name\":\"T\u00e1bula\",\"url\":\"https:\/\/www.tabula.pt\/site\/\",\"logo\":{\"@type\":\"ImageObject\",\"inLanguage\":\"pt-PT\",\"@id\":\"https:\/\/www.tabula.pt\/site\/#\/schema\/logo\/image\/\",\"url\":\"https:\/\/www.tabula.pt\/site\/wp-content\/uploads\/2019\/12\/t\u00e1bula-logo_peq_fb-e1576075812445.png\",\"contentUrl\":\"https:\/\/www.tabula.pt\/site\/wp-content\/uploads\/2019\/12\/t\u00e1bula-logo_peq_fb-e1576075812445.png\",\"width\":100,\"height\":73,\"caption\":\"T\u00e1bula\"},\"image\":{\"@id\":\"https:\/\/www.tabula.pt\/site\/#\/schema\/logo\/image\/\"},\"sameAs\":[\"https:\/\/www.facebook.com\/tabula.pt\/\",\"https:\/\/www.instagram.com\/tabula_furniture\/\"]},{\"@type\":\"Person\",\"@id\":\"https:\/\/www.tabula.pt\/site\/#\/schema\/person\/b9874bd19061ec4006077599236bf27e\",\"name\":\"T\u00e1bula\",\"image\":{\"@type\":\"ImageObject\",\"inLanguage\":\"pt-PT\",\"@id\":\"https:\/\/www.tabula.pt\/site\/#\/schema\/person\/image\/\",\"url\":\"https:\/\/secure.gravatar.com\/avatar\/684ea774e32c532a3f424f75ea3b6dfed52e5b2af3a7c93118efd6705b59985c?s=96&d=mm&r=g\",\"contentUrl\":\"https:\/\/secure.gravatar.com\/avatar\/684ea774e32c532a3f424f75ea3b6dfed52e5b2af3a7c93118efd6705b59985c?s=96&d=mm&r=g\",\"caption\":\"T\u00e1bula\"}}]}<\/script>\n<!-- \/ Yoast SEO plugin. -->","yoast_head_json":{"title":"T\u00e1bula na \u00faltima Edi\u00e7\u00e3o do Jornal de Not\u00edcias - T\u00e1bula furniture","robots":{"index":"index","follow":"follow","max-snippet":"max-snippet:-1","max-image-preview":"max-image-preview:large","max-video-preview":"max-video-preview:-1"},"canonical":"https:\/\/www.tabula.pt\/site\/tabula-na-ultima-edicao-do-jornal-de-noticias\/","og_locale":"pt_PT","og_type":"article","og_title":"T\u00e1bula na \u00faltima Edi\u00e7\u00e3o do Jornal de Not\u00edcias - T\u00e1bula furniture","og_description":"&#8220;Uma paix\u00e3o de fam\u00edlia que resultou numa oferta de excel\u00eancia&#8221;. Na ultima edi\u00e7\u00e3o da revista &#8220;Valor Econ\u00f3mico&#8221; do Jornal de Not\u00edcias, a T\u00e1bula marca presen\u00e7a juntamente com outras prestigiadas empresas do setor da Constru\u00e7\u00e3o. Podem ler o artigo completo, na p\u00e1gina 11 &#8211;&nbsp;AQUI Agradecemos a todos por fazerem parte do nosso sucesso!","og_url":"https:\/\/www.tabula.pt\/site\/tabula-na-ultima-edicao-do-jornal-de-noticias\/","og_site_name":"T\u00e1bula furniture","article_publisher":"https:\/\/www.facebook.com\/tabula.pt\/","article_published_time":"2021-12-20T12:43:22+00:00","article_modified_time":"2021-12-20T12:58:03+00:00","og_image":[{"width":622,"height":747,"url":"https:\/\/www.tabula.pt\/site\/wp-content\/uploads\/2021\/12\/JN.png","type":"image\/png"}],"author":"T\u00e1bula","twitter_card":"summary_large_image","twitter_misc":{"Escrito por":"T\u00e1bula"},"schema":{"@context":"https:\/\/schema.org","@graph":[{"@type":"Article","@id":"https:\/\/www.tabula.pt\/site\/tabula-na-ultima-edicao-do-jornal-de-noticias\/#article","isPartOf":{"@id":"https:\/\/www.tabula.pt\/site\/tabula-na-ultima-edicao-do-jornal-de-noticias\/"},"author":{"name":"T\u00e1bula","@id":"https:\/\/www.tabula.pt\/site\/#\/schema\/person\/b9874bd19061ec4006077599236bf27e"},"headline":"T\u00e1bula na \u00faltima Edi\u00e7\u00e3o do Jornal de Not\u00edcias","datePublished":"2021-12-20T12:43:22+00:00","dateModified":"2021-12-20T12:58:03+00:00","mainEntityOfPage":{"@id":"https:\/\/www.tabula.pt\/site\/tabula-na-ultima-edicao-do-jornal-de-noticias\/"},"wordCount":74,"commentCount":0,"publisher":{"@id":"https:\/\/www.tabula.pt\/site\/#organization"},"image":{"@id":"https:\/\/www.tabula.pt\/site\/tabula-na-ultima-edicao-do-jornal-de-noticias\/#primaryimage"},"thumbnailUrl":"https:\/\/www.tabula.pt\/site\/wp-content\/uploads\/2021\/12\/JN.png","articleSection":["Eventos"],"inLanguage":"pt-PT","potentialAction":[{"@type":"CommentAction","name":"Comment","target":["https:\/\/www.tabula.pt\/site\/tabula-na-ultima-edicao-do-jornal-de-noticias\/#respond"]}]},{"@type":"WebPage","@id":"https:\/\/www.tabula.pt\/site\/tabula-na-ultima-edicao-do-jornal-de-noticias\/","url":"https:\/\/www.tabula.pt\/site\/tabula-na-ultima-edicao-do-jornal-de-noticias\/","name":"T\u00e1bula na \u00faltima Edi\u00e7\u00e3o do Jornal de Not\u00edcias - T\u00e1bula furniture","isPartOf":{"@id":"https:\/\/www.tabula.pt\/site\/#website"},"primaryImageOfPage":{"@id":"https:\/\/www.tabula.pt\/site\/tabula-na-ultima-edicao-do-jornal-de-noticias\/#primaryimage"},"image":{"@id":"https:\/\/www.tabula.pt\/site\/tabula-na-ultima-edicao-do-jornal-de-noticias\/#primaryimage"},"thumbnailUrl":"https:\/\/www.tabula.pt\/site\/wp-content\/uploads\/2021\/12\/JN.png","datePublished":"2021-12-20T12:43:22+00:00","dateModified":"2021-12-20T12:58:03+00:00","breadcrumb":{"@id":"https:\/\/www.tabula.pt\/site\/tabula-na-ultima-edicao-do-jornal-de-noticias\/#breadcrumb"},"inLanguage":"pt-PT","potentialAction":[{"@type":"ReadAction","target":["https:\/\/www.tabula.pt\/site\/tabula-na-ultima-edicao-do-jornal-de-noticias\/"]}]},{"@type":"ImageObject","inLanguage":"pt-PT","@id":"https:\/\/www.tabula.pt\/site\/tabula-na-ultima-edicao-do-jornal-de-noticias\/#primaryimage","url":"https:\/\/www.tabula.pt\/site\/wp-content\/uploads\/2021\/12\/JN.png","contentUrl":"https:\/\/www.tabula.pt\/site\/wp-content\/uploads\/2021\/12\/JN.png","width":622,"height":747},{"@type":"BreadcrumbList","@id":"https:\/\/www.tabula.pt\/site\/tabula-na-ultima-edicao-do-jornal-de-noticias\/#breadcrumb","itemListElement":[{"@type":"ListItem","position":1,"name":"In\u00edcio","item":"https:\/\/www.tabula.pt\/site\/"},{"@type":"ListItem","position":2,"name":"T\u00e1bula na \u00faltima Edi\u00e7\u00e3o do Jornal de Not\u00edcias"}]},{"@type":"WebSite","@id":"https:\/\/www.tabula.pt\/site\/#website","url":"https:\/\/www.tabula.pt\/site\/","name":"T\u00e1bula furniture","description":"Mobili\u00e1rio e projetos \u00e0 medida","publisher":{"@id":"https:\/\/www.tabula.pt\/site\/#organization"},"potentialAction":[{"@type":"SearchAction","target":{"@type":"EntryPoint","urlTemplate":"https:\/\/www.tabula.pt\/site\/?s={search_term_string}"},"query-input":{"@type":"PropertyValueSpecification","valueRequired":true,"valueName":"search_term_string"}}],"inLanguage":"pt-PT"},{"@type":"Organization","@id":"https:\/\/www.tabula.pt\/site\/#organization","name":"T\u00e1bula","url":"https:\/\/www.tabula.pt\/site\/","logo":{"@type":"ImageObject","inLanguage":"pt-PT","@id":"https:\/\/www.tabula.pt\/site\/#\/schema\/logo\/image\/","url":"https:\/\/www.tabula.pt\/site\/wp-content\/uploads\/2019\/12\/t\u00e1bula-logo_peq_fb-e1576075812445.png","contentUrl":"https:\/\/www.tabula.pt\/site\/wp-content\/uploads\/2019\/12\/t\u00e1bula-logo_peq_fb-e1576075812445.png","width":100,"height":73,"caption":"T\u00e1bula"},"image":{"@id":"https:\/\/www.tabula.pt\/site\/#\/schema\/logo\/image\/"},"sameAs":["https:\/\/www.facebook.com\/tabula.pt\/","https:\/\/www.instagram.com\/tabula_furniture\/"]},{"@type":"Person","@id":"https:\/\/www.tabula.pt\/site\/#\/schema\/person\/b9874bd19061ec4006077599236bf27e","name":"T\u00e1bula","image":{"@type":"ImageObject","inLanguage":"pt-PT","@id":"https:\/\/www.tabula.pt\/site\/#\/schema\/person\/image\/","url":"https:\/\/secure.gravatar.com\/avatar\/684ea774e32c532a3f424f75ea3b6dfed52e5b2af3a7c93118efd6705b59985c?s=96&d=mm&r=g","contentUrl":"https:\/\/secure.gravatar.com\/avatar\/684ea774e32c532a3f424f75ea3b6dfed52e5b2af3a7c93118efd6705b59985c?s=96&d=mm&r=g","caption":"T\u00e1bula"}}]}},"_links":{"self":[{"href":"https:\/\/www.tabula.pt\/site\/wp-json\/wp\/v2\/posts\/2235","targetHints":{"allow":["GET"]}}],"collection":[{"href":"https:\/\/www.tabula.pt\/site\/wp-json\/wp\/v2\/posts"}],"about":[{"href":"https:\/\/www.tabula.pt\/site\/wp-json\/wp\/v2\/types\/post"}],"author":[{"embeddable":true,"href":"https:\/\/www.tabula.pt\/site\/wp-json\/wp\/v2\/users\/1"}],"replies":[{"embeddable":true,"href":"https:\/\/www.tabula.pt\/site\/wp-json\/wp\/v2\/comments?post=2235"}],"version-history":[{"count":4,"href":"https:\/\/www.tabula.pt\/site\/wp-json\/wp\/v2\/posts\/2235\/revisions"}],"predecessor-version":[{"id":2242,"href":"https:\/\/www.tabula.pt\/site\/wp-json\/wp\/v2\/posts\/2235\/revisions\/2242"}],"wp:featuredmedia":[{"embeddable":true,"href":"https:\/\/www.tabula.pt\/site\/wp-json\/wp\/v2\/media\/2237"}],"wp:attachment":[{"href":"https:\/\/www.tabula.pt\/site\/wp-json\/wp\/v2\/media?parent=2235"}],"wp:term":[{"taxonomy":"category","embeddable":true,"href":"https:\/\/www.tabula.pt\/site\/wp-json\/wp\/v2\/categories?post=2235"},{"taxonomy":"post_tag","embeddable":true,"href":"https:\/\/www.tabula.pt\/site\/wp-json\/wp\/v2\/tags?post=2235"}],"curies":[{"name":"wp","href":"https:\/\/api.w.org\/{rel}","templated":true}]}}